{"id":3468,"date":"2021-10-13T15:24:04","date_gmt":"2021-10-13T12:24:04","guid":{"rendered":"https:\/\/www.abflt.com\/?p=3468"},"modified":"2021-10-13T15:24:04","modified_gmt":"2021-10-13T12:24:04","slug":"ausstellung-in-elmia-subcontractor-im-november","status":"publish","type":"post","link":"https:\/\/www.abflt.com\/de\/2021\/10\/13\/ausstellung-in-elmia-subcontractor-im-november\/","title":{"rendered":"Ausstellung in Elmia Subcontractor im November"},"content":{"rendered":"<p><a href=\"https:\/\/www.abflt.com\/de\/\">ABF LT<\/a> nimmt an der Elmia Subcontractor teil, der f\u00fchrenden Messe f\u00fcr Zulieferer in Nordeuropa.<\/p>\n<p>Sie findet vom 9. bis 12. November 2021 in J\u00f6nk\u00f6ping statt und wird \u00fcber 700 Aussteller aus ganz Europa beherbergen. Ein Treffpunkt f\u00fcr Zulieferer der Fertigungsindustrie und deren Kunden \u2013 eine echte Fachmesse f\u00fcr Einkauf und Produktentwicklung.<\/p>\n<p>Kostenlose Tickets k\u00f6nnen auf der offiziellen Ticketplattform erworben werden.<\/p>\n<p>Besuchen Sie unsere Firmenvertreter in <strong>Halle B, Stand B01:97<\/strong><\/p>\n","protected":false},"excerpt":{"rendered":"<p>ABF LT nimmt an der Elmia Subcontractor teil, der f\u00fchrenden Messe f\u00fcr Zulieferer in Nordeuropa. Sie findet vom 9. bis [&hellip;]<\/p>\n","protected":false},"author":1,"featured_media":3477,"comment_status":"closed","ping_status":"closed","sticky":false,"template":"","format":"standard","meta":{"content-type":"","footnotes":""},"categories":[45],"tags":[],"class_list":["post-3468","post","type-post","status-publish","format-standard","has-post-thumbnail","hentry","category-nachrichten"],"yoast_head":"<!-- This site is optimized with the Yoast SEO plugin v27.4 - https:\/\/yoast.com\/product\/yoast-seo-wordpress\/ -->\n<title>Ausstellung in Elmia Subcontractor im November - ABF LT<\/title>\n<meta name=\"description\" content=\"ABF LT wird vom 9. bis 12. November an der j\u00e4hrlichen internationalen Fachmesse f\u00fcr Elmia Subcontractorin J\u00f6nk\u00f6ping, Schweden, teilnehmen.\" \/>\n<meta name=\"robots\" content=\"index, follow, max-snippet:-1, max-image-preview:large, max-video-preview:-1\" \/>\n<link rel=\"canonical\" href=\"https:\/\/www.abflt.com\/de\/2021\/10\/13\/ausstellung-in-elmia-subcontractor-im-november\/\" \/>\n<meta property=\"og:locale\" content=\"de_DE\" \/>\n<meta property=\"og:type\" content=\"article\" \/>\n<meta property=\"og:title\" content=\"Ausstellung in Elmia Subcontractor im November - ABF LT\" \/>\n<meta property=\"og:description\" content=\"ABF LT wird vom 9. bis 12. November an der j\u00e4hrlichen internationalen Fachmesse f\u00fcr Elmia Subcontractorin J\u00f6nk\u00f6ping, Schweden, teilnehmen.\" \/>\n<meta property=\"og:url\" content=\"https:\/\/www.abflt.com\/de\/2021\/10\/13\/ausstellung-in-elmia-subcontractor-im-november\/\" \/>\n<meta property=\"og:site_name\" content=\"ABF LT\" \/>\n<meta property=\"article:publisher\" content=\"https:\/\/www.facebook.com\/abflt\" \/>\n<meta property=\"article:published_time\" content=\"2021-10-13T12:24:04+00:00\" \/>\n<meta property=\"og:image\" content=\"https:\/\/www.abflt.com\/wp-content\/uploads\/2021\/10\/sub21_puff_busiensun_1920x1080_logga_eng.jpg\" \/>\n\t<meta property=\"og:image:width\" content=\"1920\" \/>\n\t<meta property=\"og:image:height\" content=\"1080\" \/>\n\t<meta property=\"og:image:type\" content=\"image\/jpeg\" \/>\n<meta name=\"author\" content=\"adminas\" \/>\n<meta name=\"twitter:card\" content=\"summary_large_image\" \/>\n<meta name=\"twitter:label1\" content=\"Verfasst von\" \/>\n\t<meta name=\"twitter:data1\" content=\"\" \/>\n\t<meta name=\"twitter:label2\" content=\"Gesch\u00e4tzte Lesezeit\" \/>\n\t<meta name=\"twitter:data2\" content=\"2\u00a0Minuten\" \/>\n<script type=\"application\/ld+json\" class=\"yoast-schema-graph\">{\"@context\":\"https:\\\/\\\/schema.org\",\"@graph\":[{\"@type\":\"Article\",\"@id\":\"https:\\\/\\\/www.abflt.com\\\/de\\\/2021\\\/10\\\/13\\\/ausstellung-in-elmia-subcontractor-im-november\\\/#article\",\"isPartOf\":{\"@id\":\"https:\\\/\\\/www.abflt.com\\\/de\\\/2021\\\/10\\\/13\\\/ausstellung-in-elmia-subcontractor-im-november\\\/\"},\"author\":{\"name\":\"adminas\",\"@id\":\"https:\\\/\\\/www.abflt.com\\\/de\\\/#\\\/schema\\\/person\\\/3a06e7010f54e4b4706854b113c20f09\"},\"headline\":\"Ausstellung in Elmia Subcontractor im November\",\"datePublished\":\"2021-10-13T12:24:04+00:00\",\"mainEntityOfPage\":{\"@id\":\"https:\\\/\\\/www.abflt.com\\\/de\\\/2021\\\/10\\\/13\\\/ausstellung-in-elmia-subcontractor-im-november\\\/\"},\"wordCount\":78,\"publisher\":{\"@id\":\"https:\\\/\\\/www.abflt.com\\\/de\\\/#organization\"},\"image\":{\"@id\":\"https:\\\/\\\/www.abflt.com\\\/de\\\/2021\\\/10\\\/13\\\/ausstellung-in-elmia-subcontractor-im-november\\\/#primaryimage\"},\"thumbnailUrl\":\"https:\\\/\\\/www.abflt.com\\\/wp-content\\\/uploads\\\/2021\\\/10\\\/sub21_puff_busiensun_1920x1080_logga_eng.jpg\",\"articleSection\":[\"Nachrichten\"],\"inLanguage\":\"de\"},{\"@type\":\"WebPage\",\"@id\":\"https:\\\/\\\/www.abflt.com\\\/de\\\/2021\\\/10\\\/13\\\/ausstellung-in-elmia-subcontractor-im-november\\\/\",\"url\":\"https:\\\/\\\/www.abflt.com\\\/de\\\/2021\\\/10\\\/13\\\/ausstellung-in-elmia-subcontractor-im-november\\\/\",\"name\":\"Ausstellung in Elmia Subcontractor im November - ABF LT\",\"isPartOf\":{\"@id\":\"https:\\\/\\\/www.abflt.com\\\/de\\\/#website\"},\"primaryImageOfPage\":{\"@id\":\"https:\\\/\\\/www.abflt.com\\\/de\\\/2021\\\/10\\\/13\\\/ausstellung-in-elmia-subcontractor-im-november\\\/#primaryimage\"},\"image\":{\"@id\":\"https:\\\/\\\/www.abflt.com\\\/de\\\/2021\\\/10\\\/13\\\/ausstellung-in-elmia-subcontractor-im-november\\\/#primaryimage\"},\"thumbnailUrl\":\"https:\\\/\\\/www.abflt.com\\\/wp-content\\\/uploads\\\/2021\\\/10\\\/sub21_puff_busiensun_1920x1080_logga_eng.jpg\",\"datePublished\":\"2021-10-13T12:24:04+00:00\",\"description\":\"ABF LT wird vom 9. bis 12. November an der j\u00e4hrlichen internationalen Fachmesse f\u00fcr Elmia Subcontractorin J\u00f6nk\u00f6ping, Schweden, teilnehmen.\",\"breadcrumb\":{\"@id\":\"https:\\\/\\\/www.abflt.com\\\/de\\\/2021\\\/10\\\/13\\\/ausstellung-in-elmia-subcontractor-im-november\\\/#breadcrumb\"},\"inLanguage\":\"de\",\"potentialAction\":[{\"@type\":\"ReadAction\",\"target\":[\"https:\\\/\\\/www.abflt.com\\\/de\\\/2021\\\/10\\\/13\\\/ausstellung-in-elmia-subcontractor-im-november\\\/\"]}]},{\"@type\":\"ImageObject\",\"inLanguage\":\"de\",\"@id\":\"https:\\\/\\\/www.abflt.com\\\/de\\\/2021\\\/10\\\/13\\\/ausstellung-in-elmia-subcontractor-im-november\\\/#primaryimage\",\"url\":\"https:\\\/\\\/www.abflt.com\\\/wp-content\\\/uploads\\\/2021\\\/10\\\/sub21_puff_busiensun_1920x1080_logga_eng.jpg\",\"contentUrl\":\"https:\\\/\\\/www.abflt.com\\\/wp-content\\\/uploads\\\/2021\\\/10\\\/sub21_puff_busiensun_1920x1080_logga_eng.jpg\",\"width\":1920,\"height\":1080,\"caption\":\"elmia, fair, subcontracting\"},{\"@type\":\"BreadcrumbList\",\"@id\":\"https:\\\/\\\/www.abflt.com\\\/de\\\/2021\\\/10\\\/13\\\/ausstellung-in-elmia-subcontractor-im-november\\\/#breadcrumb\",\"itemListElement\":[{\"@type\":\"ListItem\",\"position\":1,\"name\":\"Home\",\"item\":\"https:\\\/\\\/www.abflt.com\\\/de\\\/\"},{\"@type\":\"ListItem\",\"position\":2,\"name\":\"Ausstellung in Elmia Subcontractor im November\"}]},{\"@type\":\"WebSite\",\"@id\":\"https:\\\/\\\/www.abflt.com\\\/de\\\/#website\",\"url\":\"https:\\\/\\\/www.abflt.com\\\/de\\\/\",\"name\":\"ABF LT\",\"description\":\"Aluminium die casting and CNC machining company\",\"publisher\":{\"@id\":\"https:\\\/\\\/www.abflt.com\\\/de\\\/#organization\"},\"potentialAction\":[{\"@type\":\"SearchAction\",\"target\":{\"@type\":\"EntryPoint\",\"urlTemplate\":\"https:\\\/\\\/www.abflt.com\\\/de\\\/?s={search_term_string}\"},\"query-input\":{\"@type\":\"PropertyValueSpecification\",\"valueRequired\":true,\"valueName\":\"search_term_string\"}}],\"inLanguage\":\"de\"},{\"@type\":\"Organization\",\"@id\":\"https:\\\/\\\/www.abflt.com\\\/de\\\/#organization\",\"name\":\"ABF LT\",\"url\":\"https:\\\/\\\/www.abflt.com\\\/de\\\/\",\"logo\":{\"@type\":\"ImageObject\",\"inLanguage\":\"de\",\"@id\":\"https:\\\/\\\/www.abflt.com\\\/de\\\/#\\\/schema\\\/logo\\\/image\\\/\",\"url\":\"https:\\\/\\\/www.abflt.com\\\/wp-content\\\/uploads\\\/2020\\\/02\\\/logo2.png\",\"contentUrl\":\"https:\\\/\\\/www.abflt.com\\\/wp-content\\\/uploads\\\/2020\\\/02\\\/logo2.png\",\"width\":113,\"height\":113,\"caption\":\"ABF LT\"},\"image\":{\"@id\":\"https:\\\/\\\/www.abflt.com\\\/de\\\/#\\\/schema\\\/logo\\\/image\\\/\"},\"sameAs\":[\"https:\\\/\\\/www.facebook.com\\\/abflt\",\"https:\\\/\\\/www.linkedin.com\\\/company\\\/abf-lt\",\"https:\\\/\\\/www.youtube.com\\\/channel\\\/UCVbHUYkMrwmW4YZZRzhxH9w\"]},{\"@type\":\"Person\",\"@id\":\"https:\\\/\\\/www.abflt.com\\\/de\\\/#\\\/schema\\\/person\\\/3a06e7010f54e4b4706854b113c20f09\",\"name\":\"adminas\",\"url\":\"https:\\\/\\\/www.abflt.com\\\/de\\\/author\\\/adminas\\\/\"}]}<\/script>\n<!-- \/ Yoast SEO plugin. -->","yoast_head_json":{"title":"Ausstellung in Elmia Subcontractor im November - ABF LT","description":"ABF LT wird vom 9. bis 12. November an der j\u00e4hrlichen internationalen Fachmesse f\u00fcr Elmia Subcontractorin J\u00f6nk\u00f6ping, Schweden, teilnehmen.","robots":{"index":"index","follow":"follow","max-snippet":"max-snippet:-1","max-image-preview":"max-image-preview:large","max-video-preview":"max-video-preview:-1"},"canonical":"https:\/\/www.abflt.com\/de\/2021\/10\/13\/ausstellung-in-elmia-subcontractor-im-november\/","og_locale":"de_DE","og_type":"article","og_title":"Ausstellung in Elmia Subcontractor im November - ABF LT","og_description":"ABF LT wird vom 9. bis 12. November an der j\u00e4hrlichen internationalen Fachmesse f\u00fcr Elmia Subcontractorin J\u00f6nk\u00f6ping, Schweden, teilnehmen.","og_url":"https:\/\/www.abflt.com\/de\/2021\/10\/13\/ausstellung-in-elmia-subcontractor-im-november\/","og_site_name":"ABF LT","article_publisher":"https:\/\/www.facebook.com\/abflt","article_published_time":"2021-10-13T12:24:04+00:00","og_image":[{"width":1920,"height":1080,"url":"https:\/\/www.abflt.com\/wp-content\/uploads\/2021\/10\/sub21_puff_busiensun_1920x1080_logga_eng.jpg","type":"image\/jpeg"}],"author":"adminas","twitter_card":"summary_large_image","twitter_misc":{"Verfasst von":false,"Gesch\u00e4tzte Lesezeit":"2\u00a0Minuten"},"schema":{"@context":"https:\/\/schema.org","@graph":[{"@type":"Article","@id":"https:\/\/www.abflt.com\/de\/2021\/10\/13\/ausstellung-in-elmia-subcontractor-im-november\/#article","isPartOf":{"@id":"https:\/\/www.abflt.com\/de\/2021\/10\/13\/ausstellung-in-elmia-subcontractor-im-november\/"},"author":{"name":"adminas","@id":"https:\/\/www.abflt.com\/de\/#\/schema\/person\/3a06e7010f54e4b4706854b113c20f09"},"headline":"Ausstellung in Elmia Subcontractor im November","datePublished":"2021-10-13T12:24:04+00:00","mainEntityOfPage":{"@id":"https:\/\/www.abflt.com\/de\/2021\/10\/13\/ausstellung-in-elmia-subcontractor-im-november\/"},"wordCount":78,"publisher":{"@id":"https:\/\/www.abflt.com\/de\/#organization"},"image":{"@id":"https:\/\/www.abflt.com\/de\/2021\/10\/13\/ausstellung-in-elmia-subcontractor-im-november\/#primaryimage"},"thumbnailUrl":"https:\/\/www.abflt.com\/wp-content\/uploads\/2021\/10\/sub21_puff_busiensun_1920x1080_logga_eng.jpg","articleSection":["Nachrichten"],"inLanguage":"de"},{"@type":"WebPage","@id":"https:\/\/www.abflt.com\/de\/2021\/10\/13\/ausstellung-in-elmia-subcontractor-im-november\/","url":"https:\/\/www.abflt.com\/de\/2021\/10\/13\/ausstellung-in-elmia-subcontractor-im-november\/","name":"Ausstellung in Elmia Subcontractor im November - ABF LT","isPartOf":{"@id":"https:\/\/www.abflt.com\/de\/#website"},"primaryImageOfPage":{"@id":"https:\/\/www.abflt.com\/de\/2021\/10\/13\/ausstellung-in-elmia-subcontractor-im-november\/#primaryimage"},"image":{"@id":"https:\/\/www.abflt.com\/de\/2021\/10\/13\/ausstellung-in-elmia-subcontractor-im-november\/#primaryimage"},"thumbnailUrl":"https:\/\/www.abflt.com\/wp-content\/uploads\/2021\/10\/sub21_puff_busiensun_1920x1080_logga_eng.jpg","datePublished":"2021-10-13T12:24:04+00:00","description":"ABF LT wird vom 9. bis 12. November an der j\u00e4hrlichen internationalen Fachmesse f\u00fcr Elmia Subcontractorin J\u00f6nk\u00f6ping, Schweden, teilnehmen.","breadcrumb":{"@id":"https:\/\/www.abflt.com\/de\/2021\/10\/13\/ausstellung-in-elmia-subcontractor-im-november\/#breadcrumb"},"inLanguage":"de","potentialAction":[{"@type":"ReadAction","target":["https:\/\/www.abflt.com\/de\/2021\/10\/13\/ausstellung-in-elmia-subcontractor-im-november\/"]}]},{"@type":"ImageObject","inLanguage":"de","@id":"https:\/\/www.abflt.com\/de\/2021\/10\/13\/ausstellung-in-elmia-subcontractor-im-november\/#primaryimage","url":"https:\/\/www.abflt.com\/wp-content\/uploads\/2021\/10\/sub21_puff_busiensun_1920x1080_logga_eng.jpg","contentUrl":"https:\/\/www.abflt.com\/wp-content\/uploads\/2021\/10\/sub21_puff_busiensun_1920x1080_logga_eng.jpg","width":1920,"height":1080,"caption":"elmia, fair, subcontracting"},{"@type":"BreadcrumbList","@id":"https:\/\/www.abflt.com\/de\/2021\/10\/13\/ausstellung-in-elmia-subcontractor-im-november\/#breadcrumb","itemListElement":[{"@type":"ListItem","position":1,"name":"Home","item":"https:\/\/www.abflt.com\/de\/"},{"@type":"ListItem","position":2,"name":"Ausstellung in Elmia Subcontractor im November"}]},{"@type":"WebSite","@id":"https:\/\/www.abflt.com\/de\/#website","url":"https:\/\/www.abflt.com\/de\/","name":"ABF LT","description":"Aluminium die casting and CNC machining company","publisher":{"@id":"https:\/\/www.abflt.com\/de\/#organization"},"potentialAction":[{"@type":"SearchAction","target":{"@type":"EntryPoint","urlTemplate":"https:\/\/www.abflt.com\/de\/?s={search_term_string}"},"query-input":{"@type":"PropertyValueSpecification","valueRequired":true,"valueName":"search_term_string"}}],"inLanguage":"de"},{"@type":"Organization","@id":"https:\/\/www.abflt.com\/de\/#organization","name":"ABF LT","url":"https:\/\/www.abflt.com\/de\/","logo":{"@type":"ImageObject","inLanguage":"de","@id":"https:\/\/www.abflt.com\/de\/#\/schema\/logo\/image\/","url":"https:\/\/www.abflt.com\/wp-content\/uploads\/2020\/02\/logo2.png","contentUrl":"https:\/\/www.abflt.com\/wp-content\/uploads\/2020\/02\/logo2.png","width":113,"height":113,"caption":"ABF LT"},"image":{"@id":"https:\/\/www.abflt.com\/de\/#\/schema\/logo\/image\/"},"sameAs":["https:\/\/www.facebook.com\/abflt","https:\/\/www.linkedin.com\/company\/abf-lt","https:\/\/www.youtube.com\/channel\/UCVbHUYkMrwmW4YZZRzhxH9w"]},{"@type":"Person","@id":"https:\/\/www.abflt.com\/de\/#\/schema\/person\/3a06e7010f54e4b4706854b113c20f09","name":"adminas","url":"https:\/\/www.abflt.com\/de\/author\/adminas\/"}]}},"_links":{"self":[{"href":"https:\/\/www.abflt.com\/de\/wp-json\/wp\/v2\/posts\/3468","targetHints":{"allow":["GET"]}}],"collection":[{"href":"https:\/\/www.abflt.com\/de\/wp-json\/wp\/v2\/posts"}],"about":[{"href":"https:\/\/www.abflt.com\/de\/wp-json\/wp\/v2\/types\/post"}],"author":[{"embeddable":true,"href":"https:\/\/www.abflt.com\/de\/wp-json\/wp\/v2\/users\/1"}],"replies":[{"embeddable":true,"href":"https:\/\/www.abflt.com\/de\/wp-json\/wp\/v2\/comments?post=3468"}],"version-history":[{"count":1,"href":"https:\/\/www.abflt.com\/de\/wp-json\/wp\/v2\/posts\/3468\/revisions"}],"predecessor-version":[{"id":3482,"href":"https:\/\/www.abflt.com\/de\/wp-json\/wp\/v2\/posts\/3468\/revisions\/3482"}],"wp:featuredmedia":[{"embeddable":true,"href":"https:\/\/www.abflt.com\/de\/wp-json\/wp\/v2\/media\/3477"}],"wp:attachment":[{"href":"https:\/\/www.abflt.com\/de\/wp-json\/wp\/v2\/media?parent=3468"}],"wp:term":[{"taxonomy":"category","embeddable":true,"href":"https:\/\/www.abflt.com\/de\/wp-json\/wp\/v2\/categories?post=3468"},{"taxonomy":"post_tag","embeddable":true,"href":"https:\/\/www.abflt.com\/de\/wp-json\/wp\/v2\/tags?post=3468"}],"curies":[{"name":"wp","href":"https:\/\/api.w.org\/{rel}","templated":true}]}}