{"id":3720,"date":"2023-08-21T10:58:07","date_gmt":"2023-08-21T07:58:07","guid":{"rendered":"https:\/\/www.abflt.com\/2023\/08\/21\/uab-abf-lt-fuehrt-das-projekt-installation-von-produktionskapazitaeten-fuer-erneuerbare-energiequellen-durch\/"},"modified":"2023-08-21T11:07:30","modified_gmt":"2023-08-21T08:07:30","slug":"uab-abf-lt-fuehrt-das-projekt-installation-von-produktionskapazitaeten-fuer-erneuerbare-energiequellen-durch","status":"publish","type":"post","link":"https:\/\/www.abflt.com\/de\/2023\/08\/21\/uab-abf-lt-fuehrt-das-projekt-installation-von-produktionskapazitaeten-fuer-erneuerbare-energiequellen-durch\/","title":{"rendered":"UAB \u201eABF LT\u201c f\u00fchrt das Projekt \u201eInstallation von Produktionskapazit\u00e4ten f\u00fcr erneuerbare Energiequellen\u201c durch"},"content":{"rendered":"<p>UAB \u201e<a href=\"https:\/\/www.abflt.com\/de\/\">ABF LT<\/a>\u201c f\u00fchrt das Projekt \u201eInstallation von Produktionskapazit\u00e4ten f\u00fcr erneuerbare Energiequellen\u201c durch, das teilweise aus Mitteln der Europ\u00e4ischen Union finanziert wird. Ziel des Projekts ist es, die Produktion erneuerbarer Energien im Endenergieverbrauch zu steigern.<\/p>\n<p>W\u00e4hrend der Umsetzung des Projekts wird die UAB \u201e<a href=\"https:\/\/www.abflt.com\/de\/\">ABF LT<\/a>\u201c in ihren Aktivit\u00e4ten eine Energieeffizienzma\u00dfnahme implementieren \u2013 ein Solarkraftwerk, das die Voraussetzungen f\u00fcr Energieeinsparungen und Senkung der Stromkosten schafft. Die Umsetzung des Projekts wird auch dazu beitragen, die Auswirkungen Litauens auf den Klimawandel abzumildern, Luftverschmutzungsprobleme zu l\u00f6sen und die Energieabh\u00e4ngigkeit von importierten Energieressourcen zu verringern.<\/p>\n<p>Die H\u00f6he der f\u00f6rderf\u00e4higen Projektkosten betr\u00e4gt 474.332,60 EUR<\/p>\n<p>Aus Mitteln der Europ\u00e4ischen Union werden 180.246,39 Euro f\u00fcr die Umsetzung des Projekts bereitgestellt<\/p>\n<p>Der Start der Projektumsetzung ist im Juli 2023.<\/p>\n<p>Die Fertigstellung des Projekts ist im Juli 2025.<\/p>\n","protected":false},"excerpt":{"rendered":"<p>UAB \u201eABF LT\u201c f\u00fchrt das Projekt \u201eInstallation von Produktionskapazit\u00e4ten f\u00fcr erneuerbare Energiequellen\u201c durch, das teilweise aus Mitteln der Europ\u00e4ischen Union [&hellip;]<\/p>\n","protected":false},"author":1,"featured_media":3723,"comment_status":"closed","ping_status":"closed","sticky":false,"template":"","format":"standard","meta":{"content-type":"","footnotes":""},"categories":[45],"tags":[],"class_list":["post-3720","post","type-post","status-publish","format-standard","has-post-thumbnail","hentry","category-nachrichten"],"yoast_head":"<!-- This site is optimized with the Yoast SEO plugin v27.4 - https:\/\/yoast.com\/product\/yoast-seo-wordpress\/ -->\n<title>UAB \u201eABF LT\u201c f\u00fchrt das Projekt \u201eInstallation von Produktionskapazit\u00e4ten f\u00fcr erneuerbare Energiequellen\u201c durch - ABF LT<\/title>\n<meta name=\"description\" content=\"ABF LT besteht aus Projekten \u201eAtsinaujinan\u010di\u0173 Energijos I\u0161tekli\u0173 gamybos paj\u0117gum\u0173 \u012frengimas\u201c, dalinai finansuojamame meme Europos s\u0105jungos fond\u0173 l\u0117\u0161omis.\" \/>\n<meta name=\"robots\" content=\"index, follow, max-snippet:-1, max-image-preview:large, max-video-preview:-1\" \/>\n<link rel=\"canonical\" href=\"https:\/\/www.abflt.com\/de\/2023\/08\/21\/uab-abf-lt-fuehrt-das-projekt-installation-von-produktionskapazitaeten-fuer-erneuerbare-energiequellen-durch\/\" \/>\n<meta property=\"og:locale\" content=\"de_DE\" \/>\n<meta property=\"og:type\" content=\"article\" \/>\n<meta property=\"og:title\" content=\"UAB \u201eABF LT\u201c f\u00fchrt das Projekt \u201eInstallation von Produktionskapazit\u00e4ten f\u00fcr erneuerbare Energiequellen\u201c durch - ABF LT\" \/>\n<meta property=\"og:description\" content=\"ABF LT besteht aus Projekten \u201eAtsinaujinan\u010di\u0173 Energijos I\u0161tekli\u0173 gamybos paj\u0117gum\u0173 \u012frengimas\u201c, dalinai finansuojamame meme Europos s\u0105jungos fond\u0173 l\u0117\u0161omis.\" \/>\n<meta property=\"og:url\" content=\"https:\/\/www.abflt.com\/de\/2023\/08\/21\/uab-abf-lt-fuehrt-das-projekt-installation-von-produktionskapazitaeten-fuer-erneuerbare-energiequellen-durch\/\" \/>\n<meta property=\"og:site_name\" content=\"ABF LT\" \/>\n<meta property=\"article:publisher\" content=\"https:\/\/www.facebook.com\/abflt\" \/>\n<meta property=\"article:published_time\" content=\"2023-08-21T07:58:07+00:00\" \/>\n<meta property=\"article:modified_time\" content=\"2023-08-21T08:07:30+00:00\" \/>\n<meta property=\"og:image\" content=\"https:\/\/www.abflt.com\/wp-content\/uploads\/2023\/08\/ES-Social-media-post_1080x1080en.png\" \/>\n\t<meta property=\"og:image:width\" content=\"1080\" \/>\n\t<meta property=\"og:image:height\" content=\"928\" \/>\n\t<meta property=\"og:image:type\" content=\"image\/png\" \/>\n<meta name=\"author\" content=\"adminas\" \/>\n<meta name=\"twitter:card\" content=\"summary_large_image\" \/>\n<meta name=\"twitter:label1\" content=\"Verfasst von\" \/>\n\t<meta name=\"twitter:data1\" content=\"\" \/>\n\t<meta name=\"twitter:label2\" content=\"Gesch\u00e4tzte Lesezeit\" \/>\n\t<meta name=\"twitter:data2\" content=\"1\u00a0Minute\" \/>\n<script type=\"application\/ld+json\" class=\"yoast-schema-graph\">{\"@context\":\"https:\\\/\\\/schema.org\",\"@graph\":[{\"@type\":\"Article\",\"@id\":\"https:\\\/\\\/www.abflt.com\\\/de\\\/2023\\\/08\\\/21\\\/uab-abf-lt-fuehrt-das-projekt-installation-von-produktionskapazitaeten-fuer-erneuerbare-energiequellen-durch\\\/#article\",\"isPartOf\":{\"@id\":\"https:\\\/\\\/www.abflt.com\\\/de\\\/2023\\\/08\\\/21\\\/uab-abf-lt-fuehrt-das-projekt-installation-von-produktionskapazitaeten-fuer-erneuerbare-energiequellen-durch\\\/\"},\"author\":{\"name\":\"adminas\",\"@id\":\"https:\\\/\\\/www.abflt.com\\\/de\\\/#\\\/schema\\\/person\\\/3a06e7010f54e4b4706854b113c20f09\"},\"headline\":\"UAB \u201eABF LT\u201c f\u00fchrt das Projekt \u201eInstallation von Produktionskapazit\u00e4ten f\u00fcr erneuerbare Energiequellen\u201c durch\",\"datePublished\":\"2023-08-21T07:58:07+00:00\",\"dateModified\":\"2023-08-21T08:07:30+00:00\",\"mainEntityOfPage\":{\"@id\":\"https:\\\/\\\/www.abflt.com\\\/de\\\/2023\\\/08\\\/21\\\/uab-abf-lt-fuehrt-das-projekt-installation-von-produktionskapazitaeten-fuer-erneuerbare-energiequellen-durch\\\/\"},\"wordCount\":155,\"publisher\":{\"@id\":\"https:\\\/\\\/www.abflt.com\\\/de\\\/#organization\"},\"image\":{\"@id\":\"https:\\\/\\\/www.abflt.com\\\/de\\\/2023\\\/08\\\/21\\\/uab-abf-lt-fuehrt-das-projekt-installation-von-produktionskapazitaeten-fuer-erneuerbare-energiequellen-durch\\\/#primaryimage\"},\"thumbnailUrl\":\"https:\\\/\\\/www.abflt.com\\\/wp-content\\\/uploads\\\/2023\\\/08\\\/ES-Social-media-post_1080x1080en.png\",\"articleSection\":[\"Nachrichten\"],\"inLanguage\":\"de\"},{\"@type\":\"WebPage\",\"@id\":\"https:\\\/\\\/www.abflt.com\\\/de\\\/2023\\\/08\\\/21\\\/uab-abf-lt-fuehrt-das-projekt-installation-von-produktionskapazitaeten-fuer-erneuerbare-energiequellen-durch\\\/\",\"url\":\"https:\\\/\\\/www.abflt.com\\\/de\\\/2023\\\/08\\\/21\\\/uab-abf-lt-fuehrt-das-projekt-installation-von-produktionskapazitaeten-fuer-erneuerbare-energiequellen-durch\\\/\",\"name\":\"UAB \u201eABF LT\u201c f\u00fchrt das Projekt \u201eInstallation von Produktionskapazit\u00e4ten f\u00fcr erneuerbare Energiequellen\u201c durch - ABF LT\",\"isPartOf\":{\"@id\":\"https:\\\/\\\/www.abflt.com\\\/de\\\/#website\"},\"primaryImageOfPage\":{\"@id\":\"https:\\\/\\\/www.abflt.com\\\/de\\\/2023\\\/08\\\/21\\\/uab-abf-lt-fuehrt-das-projekt-installation-von-produktionskapazitaeten-fuer-erneuerbare-energiequellen-durch\\\/#primaryimage\"},\"image\":{\"@id\":\"https:\\\/\\\/www.abflt.com\\\/de\\\/2023\\\/08\\\/21\\\/uab-abf-lt-fuehrt-das-projekt-installation-von-produktionskapazitaeten-fuer-erneuerbare-energiequellen-durch\\\/#primaryimage\"},\"thumbnailUrl\":\"https:\\\/\\\/www.abflt.com\\\/wp-content\\\/uploads\\\/2023\\\/08\\\/ES-Social-media-post_1080x1080en.png\",\"datePublished\":\"2023-08-21T07:58:07+00:00\",\"dateModified\":\"2023-08-21T08:07:30+00:00\",\"description\":\"ABF LT besteht aus Projekten \u201eAtsinaujinan\u010di\u0173 Energijos I\u0161tekli\u0173 gamybos paj\u0117gum\u0173 \u012frengimas\u201c, dalinai finansuojamame meme Europos s\u0105jungos fond\u0173 l\u0117\u0161omis.\",\"breadcrumb\":{\"@id\":\"https:\\\/\\\/www.abflt.com\\\/de\\\/2023\\\/08\\\/21\\\/uab-abf-lt-fuehrt-das-projekt-installation-von-produktionskapazitaeten-fuer-erneuerbare-energiequellen-durch\\\/#breadcrumb\"},\"inLanguage\":\"de\",\"potentialAction\":[{\"@type\":\"ReadAction\",\"target\":[\"https:\\\/\\\/www.abflt.com\\\/de\\\/2023\\\/08\\\/21\\\/uab-abf-lt-fuehrt-das-projekt-installation-von-produktionskapazitaeten-fuer-erneuerbare-energiequellen-durch\\\/\"]}]},{\"@type\":\"ImageObject\",\"inLanguage\":\"de\",\"@id\":\"https:\\\/\\\/www.abflt.com\\\/de\\\/2023\\\/08\\\/21\\\/uab-abf-lt-fuehrt-das-projekt-installation-von-produktionskapazitaeten-fuer-erneuerbare-energiequellen-durch\\\/#primaryimage\",\"url\":\"https:\\\/\\\/www.abflt.com\\\/wp-content\\\/uploads\\\/2023\\\/08\\\/ES-Social-media-post_1080x1080en.png\",\"contentUrl\":\"https:\\\/\\\/www.abflt.com\\\/wp-content\\\/uploads\\\/2023\\\/08\\\/ES-Social-media-post_1080x1080en.png\",\"width\":1080,\"height\":928},{\"@type\":\"BreadcrumbList\",\"@id\":\"https:\\\/\\\/www.abflt.com\\\/de\\\/2023\\\/08\\\/21\\\/uab-abf-lt-fuehrt-das-projekt-installation-von-produktionskapazitaeten-fuer-erneuerbare-energiequellen-durch\\\/#breadcrumb\",\"itemListElement\":[{\"@type\":\"ListItem\",\"position\":1,\"name\":\"Home\",\"item\":\"https:\\\/\\\/www.abflt.com\\\/de\\\/\"},{\"@type\":\"ListItem\",\"position\":2,\"name\":\"UAB \u201eABF LT\u201c f\u00fchrt das Projekt \u201eInstallation von Produktionskapazit\u00e4ten f\u00fcr erneuerbare Energiequellen\u201c durch\"}]},{\"@type\":\"WebSite\",\"@id\":\"https:\\\/\\\/www.abflt.com\\\/de\\\/#website\",\"url\":\"https:\\\/\\\/www.abflt.com\\\/de\\\/\",\"name\":\"ABF LT\",\"description\":\"Aluminium die casting and CNC machining company\",\"publisher\":{\"@id\":\"https:\\\/\\\/www.abflt.com\\\/de\\\/#organization\"},\"potentialAction\":[{\"@type\":\"SearchAction\",\"target\":{\"@type\":\"EntryPoint\",\"urlTemplate\":\"https:\\\/\\\/www.abflt.com\\\/de\\\/?s={search_term_string}\"},\"query-input\":{\"@type\":\"PropertyValueSpecification\",\"valueRequired\":true,\"valueName\":\"search_term_string\"}}],\"inLanguage\":\"de\"},{\"@type\":\"Organization\",\"@id\":\"https:\\\/\\\/www.abflt.com\\\/de\\\/#organization\",\"name\":\"ABF LT\",\"url\":\"https:\\\/\\\/www.abflt.com\\\/de\\\/\",\"logo\":{\"@type\":\"ImageObject\",\"inLanguage\":\"de\",\"@id\":\"https:\\\/\\\/www.abflt.com\\\/de\\\/#\\\/schema\\\/logo\\\/image\\\/\",\"url\":\"https:\\\/\\\/www.abflt.com\\\/wp-content\\\/uploads\\\/2020\\\/02\\\/logo2.png\",\"contentUrl\":\"https:\\\/\\\/www.abflt.com\\\/wp-content\\\/uploads\\\/2020\\\/02\\\/logo2.png\",\"width\":113,\"height\":113,\"caption\":\"ABF LT\"},\"image\":{\"@id\":\"https:\\\/\\\/www.abflt.com\\\/de\\\/#\\\/schema\\\/logo\\\/image\\\/\"},\"sameAs\":[\"https:\\\/\\\/www.facebook.com\\\/abflt\",\"https:\\\/\\\/www.linkedin.com\\\/company\\\/abf-lt\",\"https:\\\/\\\/www.youtube.com\\\/channel\\\/UCVbHUYkMrwmW4YZZRzhxH9w\"]},{\"@type\":\"Person\",\"@id\":\"https:\\\/\\\/www.abflt.com\\\/de\\\/#\\\/schema\\\/person\\\/3a06e7010f54e4b4706854b113c20f09\",\"name\":\"adminas\",\"url\":\"https:\\\/\\\/www.abflt.com\\\/de\\\/author\\\/adminas\\\/\"}]}<\/script>\n<!-- \/ Yoast SEO plugin. -->","yoast_head_json":{"title":"UAB \u201eABF LT\u201c f\u00fchrt das Projekt \u201eInstallation von Produktionskapazit\u00e4ten f\u00fcr erneuerbare Energiequellen\u201c durch - ABF LT","description":"ABF LT besteht aus Projekten \u201eAtsinaujinan\u010di\u0173 Energijos I\u0161tekli\u0173 gamybos paj\u0117gum\u0173 \u012frengimas\u201c, dalinai finansuojamame meme Europos s\u0105jungos fond\u0173 l\u0117\u0161omis.","robots":{"index":"index","follow":"follow","max-snippet":"max-snippet:-1","max-image-preview":"max-image-preview:large","max-video-preview":"max-video-preview:-1"},"canonical":"https:\/\/www.abflt.com\/de\/2023\/08\/21\/uab-abf-lt-fuehrt-das-projekt-installation-von-produktionskapazitaeten-fuer-erneuerbare-energiequellen-durch\/","og_locale":"de_DE","og_type":"article","og_title":"UAB \u201eABF LT\u201c f\u00fchrt das Projekt \u201eInstallation von Produktionskapazit\u00e4ten f\u00fcr erneuerbare Energiequellen\u201c durch - ABF LT","og_description":"ABF LT besteht aus Projekten \u201eAtsinaujinan\u010di\u0173 Energijos I\u0161tekli\u0173 gamybos paj\u0117gum\u0173 \u012frengimas\u201c, dalinai finansuojamame meme Europos s\u0105jungos fond\u0173 l\u0117\u0161omis.","og_url":"https:\/\/www.abflt.com\/de\/2023\/08\/21\/uab-abf-lt-fuehrt-das-projekt-installation-von-produktionskapazitaeten-fuer-erneuerbare-energiequellen-durch\/","og_site_name":"ABF LT","article_publisher":"https:\/\/www.facebook.com\/abflt","article_published_time":"2023-08-21T07:58:07+00:00","article_modified_time":"2023-08-21T08:07:30+00:00","og_image":[{"width":1080,"height":928,"url":"https:\/\/www.abflt.com\/wp-content\/uploads\/2023\/08\/ES-Social-media-post_1080x1080en.png","type":"image\/png"}],"author":"adminas","twitter_card":"summary_large_image","twitter_misc":{"Verfasst von":false,"Gesch\u00e4tzte Lesezeit":"1\u00a0Minute"},"schema":{"@context":"https:\/\/schema.org","@graph":[{"@type":"Article","@id":"https:\/\/www.abflt.com\/de\/2023\/08\/21\/uab-abf-lt-fuehrt-das-projekt-installation-von-produktionskapazitaeten-fuer-erneuerbare-energiequellen-durch\/#article","isPartOf":{"@id":"https:\/\/www.abflt.com\/de\/2023\/08\/21\/uab-abf-lt-fuehrt-das-projekt-installation-von-produktionskapazitaeten-fuer-erneuerbare-energiequellen-durch\/"},"author":{"name":"adminas","@id":"https:\/\/www.abflt.com\/de\/#\/schema\/person\/3a06e7010f54e4b4706854b113c20f09"},"headline":"UAB \u201eABF LT\u201c f\u00fchrt das Projekt \u201eInstallation von Produktionskapazit\u00e4ten f\u00fcr erneuerbare Energiequellen\u201c durch","datePublished":"2023-08-21T07:58:07+00:00","dateModified":"2023-08-21T08:07:30+00:00","mainEntityOfPage":{"@id":"https:\/\/www.abflt.com\/de\/2023\/08\/21\/uab-abf-lt-fuehrt-das-projekt-installation-von-produktionskapazitaeten-fuer-erneuerbare-energiequellen-durch\/"},"wordCount":155,"publisher":{"@id":"https:\/\/www.abflt.com\/de\/#organization"},"image":{"@id":"https:\/\/www.abflt.com\/de\/2023\/08\/21\/uab-abf-lt-fuehrt-das-projekt-installation-von-produktionskapazitaeten-fuer-erneuerbare-energiequellen-durch\/#primaryimage"},"thumbnailUrl":"https:\/\/www.abflt.com\/wp-content\/uploads\/2023\/08\/ES-Social-media-post_1080x1080en.png","articleSection":["Nachrichten"],"inLanguage":"de"},{"@type":"WebPage","@id":"https:\/\/www.abflt.com\/de\/2023\/08\/21\/uab-abf-lt-fuehrt-das-projekt-installation-von-produktionskapazitaeten-fuer-erneuerbare-energiequellen-durch\/","url":"https:\/\/www.abflt.com\/de\/2023\/08\/21\/uab-abf-lt-fuehrt-das-projekt-installation-von-produktionskapazitaeten-fuer-erneuerbare-energiequellen-durch\/","name":"UAB \u201eABF LT\u201c f\u00fchrt das Projekt \u201eInstallation von Produktionskapazit\u00e4ten f\u00fcr erneuerbare Energiequellen\u201c durch - ABF LT","isPartOf":{"@id":"https:\/\/www.abflt.com\/de\/#website"},"primaryImageOfPage":{"@id":"https:\/\/www.abflt.com\/de\/2023\/08\/21\/uab-abf-lt-fuehrt-das-projekt-installation-von-produktionskapazitaeten-fuer-erneuerbare-energiequellen-durch\/#primaryimage"},"image":{"@id":"https:\/\/www.abflt.com\/de\/2023\/08\/21\/uab-abf-lt-fuehrt-das-projekt-installation-von-produktionskapazitaeten-fuer-erneuerbare-energiequellen-durch\/#primaryimage"},"thumbnailUrl":"https:\/\/www.abflt.com\/wp-content\/uploads\/2023\/08\/ES-Social-media-post_1080x1080en.png","datePublished":"2023-08-21T07:58:07+00:00","dateModified":"2023-08-21T08:07:30+00:00","description":"ABF LT besteht aus Projekten \u201eAtsinaujinan\u010di\u0173 Energijos I\u0161tekli\u0173 gamybos paj\u0117gum\u0173 \u012frengimas\u201c, dalinai finansuojamame meme Europos s\u0105jungos fond\u0173 l\u0117\u0161omis.","breadcrumb":{"@id":"https:\/\/www.abflt.com\/de\/2023\/08\/21\/uab-abf-lt-fuehrt-das-projekt-installation-von-produktionskapazitaeten-fuer-erneuerbare-energiequellen-durch\/#breadcrumb"},"inLanguage":"de","potentialAction":[{"@type":"ReadAction","target":["https:\/\/www.abflt.com\/de\/2023\/08\/21\/uab-abf-lt-fuehrt-das-projekt-installation-von-produktionskapazitaeten-fuer-erneuerbare-energiequellen-durch\/"]}]},{"@type":"ImageObject","inLanguage":"de","@id":"https:\/\/www.abflt.com\/de\/2023\/08\/21\/uab-abf-lt-fuehrt-das-projekt-installation-von-produktionskapazitaeten-fuer-erneuerbare-energiequellen-durch\/#primaryimage","url":"https:\/\/www.abflt.com\/wp-content\/uploads\/2023\/08\/ES-Social-media-post_1080x1080en.png","contentUrl":"https:\/\/www.abflt.com\/wp-content\/uploads\/2023\/08\/ES-Social-media-post_1080x1080en.png","width":1080,"height":928},{"@type":"BreadcrumbList","@id":"https:\/\/www.abflt.com\/de\/2023\/08\/21\/uab-abf-lt-fuehrt-das-projekt-installation-von-produktionskapazitaeten-fuer-erneuerbare-energiequellen-durch\/#breadcrumb","itemListElement":[{"@type":"ListItem","position":1,"name":"Home","item":"https:\/\/www.abflt.com\/de\/"},{"@type":"ListItem","position":2,"name":"UAB \u201eABF LT\u201c f\u00fchrt das Projekt \u201eInstallation von Produktionskapazit\u00e4ten f\u00fcr erneuerbare Energiequellen\u201c durch"}]},{"@type":"WebSite","@id":"https:\/\/www.abflt.com\/de\/#website","url":"https:\/\/www.abflt.com\/de\/","name":"ABF LT","description":"Aluminium die casting and CNC machining company","publisher":{"@id":"https:\/\/www.abflt.com\/de\/#organization"},"potentialAction":[{"@type":"SearchAction","target":{"@type":"EntryPoint","urlTemplate":"https:\/\/www.abflt.com\/de\/?s={search_term_string}"},"query-input":{"@type":"PropertyValueSpecification","valueRequired":true,"valueName":"search_term_string"}}],"inLanguage":"de"},{"@type":"Organization","@id":"https:\/\/www.abflt.com\/de\/#organization","name":"ABF LT","url":"https:\/\/www.abflt.com\/de\/","logo":{"@type":"ImageObject","inLanguage":"de","@id":"https:\/\/www.abflt.com\/de\/#\/schema\/logo\/image\/","url":"https:\/\/www.abflt.com\/wp-content\/uploads\/2020\/02\/logo2.png","contentUrl":"https:\/\/www.abflt.com\/wp-content\/uploads\/2020\/02\/logo2.png","width":113,"height":113,"caption":"ABF LT"},"image":{"@id":"https:\/\/www.abflt.com\/de\/#\/schema\/logo\/image\/"},"sameAs":["https:\/\/www.facebook.com\/abflt","https:\/\/www.linkedin.com\/company\/abf-lt","https:\/\/www.youtube.com\/channel\/UCVbHUYkMrwmW4YZZRzhxH9w"]},{"@type":"Person","@id":"https:\/\/www.abflt.com\/de\/#\/schema\/person\/3a06e7010f54e4b4706854b113c20f09","name":"adminas","url":"https:\/\/www.abflt.com\/de\/author\/adminas\/"}]}},"_links":{"self":[{"href":"https:\/\/www.abflt.com\/de\/wp-json\/wp\/v2\/posts\/3720","targetHints":{"allow":["GET"]}}],"collection":[{"href":"https:\/\/www.abflt.com\/de\/wp-json\/wp\/v2\/posts"}],"about":[{"href":"https:\/\/www.abflt.com\/de\/wp-json\/wp\/v2\/types\/post"}],"author":[{"embeddable":true,"href":"https:\/\/www.abflt.com\/de\/wp-json\/wp\/v2\/users\/1"}],"replies":[{"embeddable":true,"href":"https:\/\/www.abflt.com\/de\/wp-json\/wp\/v2\/comments?post=3720"}],"version-history":[{"count":1,"href":"https:\/\/www.abflt.com\/de\/wp-json\/wp\/v2\/posts\/3720\/revisions"}],"predecessor-version":[{"id":3726,"href":"https:\/\/www.abflt.com\/de\/wp-json\/wp\/v2\/posts\/3720\/revisions\/3726"}],"wp:featuredmedia":[{"embeddable":true,"href":"https:\/\/www.abflt.com\/de\/wp-json\/wp\/v2\/media\/3723"}],"wp:attachment":[{"href":"https:\/\/www.abflt.com\/de\/wp-json\/wp\/v2\/media?parent=3720"}],"wp:term":[{"taxonomy":"category","embeddable":true,"href":"https:\/\/www.abflt.com\/de\/wp-json\/wp\/v2\/categories?post=3720"},{"taxonomy":"post_tag","embeddable":true,"href":"https:\/\/www.abflt.com\/de\/wp-json\/wp\/v2\/tags?post=3720"}],"curies":[{"name":"wp","href":"https:\/\/api.w.org\/{rel}","templated":true}]}}