{"id":3721,"date":"2023-08-21T10:59:39","date_gmt":"2023-08-21T07:59:39","guid":{"rendered":"https:\/\/www.abflt.com\/2023\/08\/21\/uab-abf-lt-genomfor-projektet-installation-av-produktionskapacitet-for-fornybara-energikallor\/"},"modified":"2023-08-21T11:07:47","modified_gmt":"2023-08-21T08:07:47","slug":"uab-abf-lt-genomfor-projektet-installation-av-produktionskapacitet-for-fornybara-energikallor","status":"publish","type":"post","link":"https:\/\/www.abflt.com\/sv\/2023\/08\/21\/uab-abf-lt-genomfor-projektet-installation-av-produktionskapacitet-for-fornybara-energikallor\/","title":{"rendered":"UAB &#8221;ABF LT&#8221; genomf\u00f6r projektet &#8221;Installation av produktionskapacitet f\u00f6r f\u00f6rnybara energik\u00e4llor&#8221;"},"content":{"rendered":"<p>UAB &#8221;<a href=\"https:\/\/www.abflt.com\/sv\/\">ABF LT<\/a>&#8221; genomf\u00f6r projektet &#8221;Installation av produktionskapacitet f\u00f6r f\u00f6rnybara energik\u00e4llor&#8221;, som delvis finansieras av EU-medel. M\u00e5let med projektet \u00e4r att \u00f6ka produktionen av f\u00f6rnybara energik\u00e4llor i den slutliga energif\u00f6rbrukningen.<\/p>\n<p>Under genomf\u00f6randet av projektet kommer UAB &#8221;<a href=\"https:\/\/www.abflt.com\/sv\/\">ABF LT<\/a>&#8221; att genomf\u00f6ra en energieffektiviserings\u00e5tg\u00e4rd i sin verksamhet &#8211; ett solkraftverk, som ska skapa f\u00f6ruts\u00e4ttningar f\u00f6r att spara energi och minska elkostnaderna. Genomf\u00f6randet av projektet kommer ocks\u00e5 att bidra till att mildra Litauens p\u00e5verkan p\u00e5 klimatf\u00f6r\u00e4ndringar, l\u00f6sa luftf\u00f6roreningsproblem och minska energiberoendet av importerade energiresurser.<\/p>\n<p>Projektets st\u00f6dber\u00e4ttigande kostnader \u00e4r 474 332,60 EUR<\/p>\n<p>Fr\u00e5n Europeiska unionens medel ansl\u00e5s 180 246,39 EUR f\u00f6r genomf\u00f6randet av projektet<\/p>\n<p>Starten f\u00f6r projektgenomf\u00f6randet \u00e4r i Juli 2023.<\/p>\n<p>Slutf\u00f6randet av projektet \u00e4r i Juli 2025.<\/p>\n","protected":false},"excerpt":{"rendered":"<p>UAB &#8221;ABF LT&#8221; genomf\u00f6r projektet &#8221;Installation av produktionskapacitet f\u00f6r f\u00f6rnybara energik\u00e4llor&#8221;, som delvis finansieras av EU-medel. M\u00e5let med projektet \u00e4r [&hellip;]<\/p>\n","protected":false},"author":1,"featured_media":3725,"comment_status":"closed","ping_status":"closed","sticky":false,"template":"","format":"standard","meta":{"content-type":"","footnotes":""},"categories":[46],"tags":[],"class_list":["post-3721","post","type-post","status-publish","format-standard","has-post-thumbnail","hentry","category-nyheter"],"yoast_head":"<!-- This site is optimized with the Yoast SEO plugin v27.4 - https:\/\/yoast.com\/product\/yoast-seo-wordpress\/ -->\n<title>UAB &quot;ABF LT&quot; genomf\u00f6r projektet &quot;Installation av produktionskapacitet f\u00f6r f\u00f6rnybara energik\u00e4llor&quot; - ABF LT<\/title>\n<meta name=\"description\" content=\"ABF LT deltar i projektet &quot;Installation of Renewable Energy Sources Production Capacities&quot;, som delvis finansieras av Europeiska unionens fonder.\" \/>\n<meta name=\"robots\" content=\"index, follow, max-snippet:-1, max-image-preview:large, max-video-preview:-1\" \/>\n<link rel=\"canonical\" href=\"https:\/\/www.abflt.com\/sv\/2023\/08\/21\/uab-abf-lt-genomfor-projektet-installation-av-produktionskapacitet-for-fornybara-energikallor\/\" \/>\n<meta property=\"og:locale\" content=\"sv_SE\" \/>\n<meta property=\"og:type\" content=\"article\" \/>\n<meta property=\"og:title\" content=\"UAB &quot;ABF LT&quot; genomf\u00f6r projektet &quot;Installation av produktionskapacitet f\u00f6r f\u00f6rnybara energik\u00e4llor&quot; - ABF LT\" \/>\n<meta property=\"og:description\" content=\"ABF LT deltar i projektet &quot;Installation of Renewable Energy Sources Production Capacities&quot;, som delvis finansieras av Europeiska unionens fonder.\" \/>\n<meta property=\"og:url\" content=\"https:\/\/www.abflt.com\/sv\/2023\/08\/21\/uab-abf-lt-genomfor-projektet-installation-av-produktionskapacitet-for-fornybara-energikallor\/\" \/>\n<meta property=\"og:site_name\" content=\"ABF LT\" \/>\n<meta property=\"article:publisher\" content=\"https:\/\/www.facebook.com\/abflt\" \/>\n<meta property=\"article:published_time\" content=\"2023-08-21T07:59:39+00:00\" \/>\n<meta property=\"article:modified_time\" content=\"2023-08-21T08:07:47+00:00\" \/>\n<meta property=\"og:image\" content=\"https:\/\/www.abflt.com\/wp-content\/uploads\/2023\/08\/ES-Social-media-post_1080x1080en.png\" \/>\n\t<meta property=\"og:image:width\" content=\"1080\" \/>\n\t<meta property=\"og:image:height\" content=\"928\" \/>\n\t<meta property=\"og:image:type\" content=\"image\/png\" \/>\n<meta name=\"author\" content=\"adminas\" \/>\n<meta name=\"twitter:card\" content=\"summary_large_image\" \/>\n<meta name=\"twitter:label1\" content=\"Skriven av\" \/>\n\t<meta name=\"twitter:data1\" content=\"\" \/>\n\t<meta name=\"twitter:label2\" content=\"Ber\u00e4knad l\u00e4stid\" \/>\n\t<meta name=\"twitter:data2\" content=\"1 minut\" \/>\n<script type=\"application\/ld+json\" class=\"yoast-schema-graph\">{\"@context\":\"https:\\\/\\\/schema.org\",\"@graph\":[{\"@type\":\"Article\",\"@id\":\"https:\\\/\\\/www.abflt.com\\\/sv\\\/2023\\\/08\\\/21\\\/uab-abf-lt-genomfor-projektet-installation-av-produktionskapacitet-for-fornybara-energikallor\\\/#article\",\"isPartOf\":{\"@id\":\"https:\\\/\\\/www.abflt.com\\\/sv\\\/2023\\\/08\\\/21\\\/uab-abf-lt-genomfor-projektet-installation-av-produktionskapacitet-for-fornybara-energikallor\\\/\"},\"author\":{\"name\":\"adminas\",\"@id\":\"https:\\\/\\\/www.abflt.com\\\/sv\\\/#\\\/schema\\\/person\\\/3a06e7010f54e4b4706854b113c20f09\"},\"headline\":\"UAB &#8221;ABF LT&#8221; genomf\u00f6r projektet &#8221;Installation av produktionskapacitet f\u00f6r f\u00f6rnybara energik\u00e4llor&#8221;\",\"datePublished\":\"2023-08-21T07:59:39+00:00\",\"dateModified\":\"2023-08-21T08:07:47+00:00\",\"mainEntityOfPage\":{\"@id\":\"https:\\\/\\\/www.abflt.com\\\/sv\\\/2023\\\/08\\\/21\\\/uab-abf-lt-genomfor-projektet-installation-av-produktionskapacitet-for-fornybara-energikallor\\\/\"},\"wordCount\":153,\"publisher\":{\"@id\":\"https:\\\/\\\/www.abflt.com\\\/sv\\\/#organization\"},\"image\":{\"@id\":\"https:\\\/\\\/www.abflt.com\\\/sv\\\/2023\\\/08\\\/21\\\/uab-abf-lt-genomfor-projektet-installation-av-produktionskapacitet-for-fornybara-energikallor\\\/#primaryimage\"},\"thumbnailUrl\":\"https:\\\/\\\/www.abflt.com\\\/wp-content\\\/uploads\\\/2023\\\/08\\\/ES-Social-media-post_1080x1080en.png\",\"articleSection\":[\"Nyheter\"],\"inLanguage\":\"sv-SE\"},{\"@type\":\"WebPage\",\"@id\":\"https:\\\/\\\/www.abflt.com\\\/sv\\\/2023\\\/08\\\/21\\\/uab-abf-lt-genomfor-projektet-installation-av-produktionskapacitet-for-fornybara-energikallor\\\/\",\"url\":\"https:\\\/\\\/www.abflt.com\\\/sv\\\/2023\\\/08\\\/21\\\/uab-abf-lt-genomfor-projektet-installation-av-produktionskapacitet-for-fornybara-energikallor\\\/\",\"name\":\"UAB \\\"ABF LT\\\" genomf\u00f6r projektet \\\"Installation av produktionskapacitet f\u00f6r f\u00f6rnybara energik\u00e4llor\\\" - ABF LT\",\"isPartOf\":{\"@id\":\"https:\\\/\\\/www.abflt.com\\\/sv\\\/#website\"},\"primaryImageOfPage\":{\"@id\":\"https:\\\/\\\/www.abflt.com\\\/sv\\\/2023\\\/08\\\/21\\\/uab-abf-lt-genomfor-projektet-installation-av-produktionskapacitet-for-fornybara-energikallor\\\/#primaryimage\"},\"image\":{\"@id\":\"https:\\\/\\\/www.abflt.com\\\/sv\\\/2023\\\/08\\\/21\\\/uab-abf-lt-genomfor-projektet-installation-av-produktionskapacitet-for-fornybara-energikallor\\\/#primaryimage\"},\"thumbnailUrl\":\"https:\\\/\\\/www.abflt.com\\\/wp-content\\\/uploads\\\/2023\\\/08\\\/ES-Social-media-post_1080x1080en.png\",\"datePublished\":\"2023-08-21T07:59:39+00:00\",\"dateModified\":\"2023-08-21T08:07:47+00:00\",\"description\":\"ABF LT deltar i projektet \\\"Installation of Renewable Energy Sources Production Capacities\\\", som delvis finansieras av Europeiska unionens fonder.\",\"breadcrumb\":{\"@id\":\"https:\\\/\\\/www.abflt.com\\\/sv\\\/2023\\\/08\\\/21\\\/uab-abf-lt-genomfor-projektet-installation-av-produktionskapacitet-for-fornybara-energikallor\\\/#breadcrumb\"},\"inLanguage\":\"sv-SE\",\"potentialAction\":[{\"@type\":\"ReadAction\",\"target\":[\"https:\\\/\\\/www.abflt.com\\\/sv\\\/2023\\\/08\\\/21\\\/uab-abf-lt-genomfor-projektet-installation-av-produktionskapacitet-for-fornybara-energikallor\\\/\"]}]},{\"@type\":\"ImageObject\",\"inLanguage\":\"sv-SE\",\"@id\":\"https:\\\/\\\/www.abflt.com\\\/sv\\\/2023\\\/08\\\/21\\\/uab-abf-lt-genomfor-projektet-installation-av-produktionskapacitet-for-fornybara-energikallor\\\/#primaryimage\",\"url\":\"https:\\\/\\\/www.abflt.com\\\/wp-content\\\/uploads\\\/2023\\\/08\\\/ES-Social-media-post_1080x1080en.png\",\"contentUrl\":\"https:\\\/\\\/www.abflt.com\\\/wp-content\\\/uploads\\\/2023\\\/08\\\/ES-Social-media-post_1080x1080en.png\",\"width\":1080,\"height\":928},{\"@type\":\"BreadcrumbList\",\"@id\":\"https:\\\/\\\/www.abflt.com\\\/sv\\\/2023\\\/08\\\/21\\\/uab-abf-lt-genomfor-projektet-installation-av-produktionskapacitet-for-fornybara-energikallor\\\/#breadcrumb\",\"itemListElement\":[{\"@type\":\"ListItem\",\"position\":1,\"name\":\"Home\",\"item\":\"https:\\\/\\\/www.abflt.com\\\/sv\\\/\"},{\"@type\":\"ListItem\",\"position\":2,\"name\":\"UAB &#8220;ABF LT&#8221; genomf\u00f6r projektet &#8220;Installation av produktionskapacitet f\u00f6r f\u00f6rnybara energik\u00e4llor&#8221;\"}]},{\"@type\":\"WebSite\",\"@id\":\"https:\\\/\\\/www.abflt.com\\\/sv\\\/#website\",\"url\":\"https:\\\/\\\/www.abflt.com\\\/sv\\\/\",\"name\":\"ABF LT\",\"description\":\"Aluminium die casting and CNC machining company\",\"publisher\":{\"@id\":\"https:\\\/\\\/www.abflt.com\\\/sv\\\/#organization\"},\"potentialAction\":[{\"@type\":\"SearchAction\",\"target\":{\"@type\":\"EntryPoint\",\"urlTemplate\":\"https:\\\/\\\/www.abflt.com\\\/sv\\\/?s={search_term_string}\"},\"query-input\":{\"@type\":\"PropertyValueSpecification\",\"valueRequired\":true,\"valueName\":\"search_term_string\"}}],\"inLanguage\":\"sv-SE\"},{\"@type\":\"Organization\",\"@id\":\"https:\\\/\\\/www.abflt.com\\\/sv\\\/#organization\",\"name\":\"ABF LT\",\"url\":\"https:\\\/\\\/www.abflt.com\\\/sv\\\/\",\"logo\":{\"@type\":\"ImageObject\",\"inLanguage\":\"sv-SE\",\"@id\":\"https:\\\/\\\/www.abflt.com\\\/sv\\\/#\\\/schema\\\/logo\\\/image\\\/\",\"url\":\"https:\\\/\\\/www.abflt.com\\\/wp-content\\\/uploads\\\/2020\\\/02\\\/logo2.png\",\"contentUrl\":\"https:\\\/\\\/www.abflt.com\\\/wp-content\\\/uploads\\\/2020\\\/02\\\/logo2.png\",\"width\":113,\"height\":113,\"caption\":\"ABF LT\"},\"image\":{\"@id\":\"https:\\\/\\\/www.abflt.com\\\/sv\\\/#\\\/schema\\\/logo\\\/image\\\/\"},\"sameAs\":[\"https:\\\/\\\/www.facebook.com\\\/abflt\",\"https:\\\/\\\/www.linkedin.com\\\/company\\\/abf-lt\",\"https:\\\/\\\/www.youtube.com\\\/channel\\\/UCVbHUYkMrwmW4YZZRzhxH9w\"]},{\"@type\":\"Person\",\"@id\":\"https:\\\/\\\/www.abflt.com\\\/sv\\\/#\\\/schema\\\/person\\\/3a06e7010f54e4b4706854b113c20f09\",\"name\":\"adminas\",\"url\":\"https:\\\/\\\/www.abflt.com\\\/sv\\\/author\\\/adminas\\\/\"}]}<\/script>\n<!-- \/ Yoast SEO plugin. -->","yoast_head_json":{"title":"UAB \"ABF LT\" genomf\u00f6r projektet \"Installation av produktionskapacitet f\u00f6r f\u00f6rnybara energik\u00e4llor\" - ABF LT","description":"ABF LT deltar i projektet \"Installation of Renewable Energy Sources Production Capacities\", som delvis finansieras av Europeiska unionens fonder.","robots":{"index":"index","follow":"follow","max-snippet":"max-snippet:-1","max-image-preview":"max-image-preview:large","max-video-preview":"max-video-preview:-1"},"canonical":"https:\/\/www.abflt.com\/sv\/2023\/08\/21\/uab-abf-lt-genomfor-projektet-installation-av-produktionskapacitet-for-fornybara-energikallor\/","og_locale":"sv_SE","og_type":"article","og_title":"UAB \"ABF LT\" genomf\u00f6r projektet \"Installation av produktionskapacitet f\u00f6r f\u00f6rnybara energik\u00e4llor\" - ABF LT","og_description":"ABF LT deltar i projektet \"Installation of Renewable Energy Sources Production Capacities\", som delvis finansieras av Europeiska unionens fonder.","og_url":"https:\/\/www.abflt.com\/sv\/2023\/08\/21\/uab-abf-lt-genomfor-projektet-installation-av-produktionskapacitet-for-fornybara-energikallor\/","og_site_name":"ABF LT","article_publisher":"https:\/\/www.facebook.com\/abflt","article_published_time":"2023-08-21T07:59:39+00:00","article_modified_time":"2023-08-21T08:07:47+00:00","og_image":[{"width":1080,"height":928,"url":"https:\/\/www.abflt.com\/wp-content\/uploads\/2023\/08\/ES-Social-media-post_1080x1080en.png","type":"image\/png"}],"author":"adminas","twitter_card":"summary_large_image","twitter_misc":{"Skriven av":false,"Ber\u00e4knad l\u00e4stid":"1 minut"},"schema":{"@context":"https:\/\/schema.org","@graph":[{"@type":"Article","@id":"https:\/\/www.abflt.com\/sv\/2023\/08\/21\/uab-abf-lt-genomfor-projektet-installation-av-produktionskapacitet-for-fornybara-energikallor\/#article","isPartOf":{"@id":"https:\/\/www.abflt.com\/sv\/2023\/08\/21\/uab-abf-lt-genomfor-projektet-installation-av-produktionskapacitet-for-fornybara-energikallor\/"},"author":{"name":"adminas","@id":"https:\/\/www.abflt.com\/sv\/#\/schema\/person\/3a06e7010f54e4b4706854b113c20f09"},"headline":"UAB &#8221;ABF LT&#8221; genomf\u00f6r projektet &#8221;Installation av produktionskapacitet f\u00f6r f\u00f6rnybara energik\u00e4llor&#8221;","datePublished":"2023-08-21T07:59:39+00:00","dateModified":"2023-08-21T08:07:47+00:00","mainEntityOfPage":{"@id":"https:\/\/www.abflt.com\/sv\/2023\/08\/21\/uab-abf-lt-genomfor-projektet-installation-av-produktionskapacitet-for-fornybara-energikallor\/"},"wordCount":153,"publisher":{"@id":"https:\/\/www.abflt.com\/sv\/#organization"},"image":{"@id":"https:\/\/www.abflt.com\/sv\/2023\/08\/21\/uab-abf-lt-genomfor-projektet-installation-av-produktionskapacitet-for-fornybara-energikallor\/#primaryimage"},"thumbnailUrl":"https:\/\/www.abflt.com\/wp-content\/uploads\/2023\/08\/ES-Social-media-post_1080x1080en.png","articleSection":["Nyheter"],"inLanguage":"sv-SE"},{"@type":"WebPage","@id":"https:\/\/www.abflt.com\/sv\/2023\/08\/21\/uab-abf-lt-genomfor-projektet-installation-av-produktionskapacitet-for-fornybara-energikallor\/","url":"https:\/\/www.abflt.com\/sv\/2023\/08\/21\/uab-abf-lt-genomfor-projektet-installation-av-produktionskapacitet-for-fornybara-energikallor\/","name":"UAB \"ABF LT\" genomf\u00f6r projektet \"Installation av produktionskapacitet f\u00f6r f\u00f6rnybara energik\u00e4llor\" - ABF LT","isPartOf":{"@id":"https:\/\/www.abflt.com\/sv\/#website"},"primaryImageOfPage":{"@id":"https:\/\/www.abflt.com\/sv\/2023\/08\/21\/uab-abf-lt-genomfor-projektet-installation-av-produktionskapacitet-for-fornybara-energikallor\/#primaryimage"},"image":{"@id":"https:\/\/www.abflt.com\/sv\/2023\/08\/21\/uab-abf-lt-genomfor-projektet-installation-av-produktionskapacitet-for-fornybara-energikallor\/#primaryimage"},"thumbnailUrl":"https:\/\/www.abflt.com\/wp-content\/uploads\/2023\/08\/ES-Social-media-post_1080x1080en.png","datePublished":"2023-08-21T07:59:39+00:00","dateModified":"2023-08-21T08:07:47+00:00","description":"ABF LT deltar i projektet \"Installation of Renewable Energy Sources Production Capacities\", som delvis finansieras av Europeiska unionens fonder.","breadcrumb":{"@id":"https:\/\/www.abflt.com\/sv\/2023\/08\/21\/uab-abf-lt-genomfor-projektet-installation-av-produktionskapacitet-for-fornybara-energikallor\/#breadcrumb"},"inLanguage":"sv-SE","potentialAction":[{"@type":"ReadAction","target":["https:\/\/www.abflt.com\/sv\/2023\/08\/21\/uab-abf-lt-genomfor-projektet-installation-av-produktionskapacitet-for-fornybara-energikallor\/"]}]},{"@type":"ImageObject","inLanguage":"sv-SE","@id":"https:\/\/www.abflt.com\/sv\/2023\/08\/21\/uab-abf-lt-genomfor-projektet-installation-av-produktionskapacitet-for-fornybara-energikallor\/#primaryimage","url":"https:\/\/www.abflt.com\/wp-content\/uploads\/2023\/08\/ES-Social-media-post_1080x1080en.png","contentUrl":"https:\/\/www.abflt.com\/wp-content\/uploads\/2023\/08\/ES-Social-media-post_1080x1080en.png","width":1080,"height":928},{"@type":"BreadcrumbList","@id":"https:\/\/www.abflt.com\/sv\/2023\/08\/21\/uab-abf-lt-genomfor-projektet-installation-av-produktionskapacitet-for-fornybara-energikallor\/#breadcrumb","itemListElement":[{"@type":"ListItem","position":1,"name":"Home","item":"https:\/\/www.abflt.com\/sv\/"},{"@type":"ListItem","position":2,"name":"UAB &#8220;ABF LT&#8221; genomf\u00f6r projektet &#8220;Installation av produktionskapacitet f\u00f6r f\u00f6rnybara energik\u00e4llor&#8221;"}]},{"@type":"WebSite","@id":"https:\/\/www.abflt.com\/sv\/#website","url":"https:\/\/www.abflt.com\/sv\/","name":"ABF LT","description":"Aluminium die casting and CNC machining company","publisher":{"@id":"https:\/\/www.abflt.com\/sv\/#organization"},"potentialAction":[{"@type":"SearchAction","target":{"@type":"EntryPoint","urlTemplate":"https:\/\/www.abflt.com\/sv\/?s={search_term_string}"},"query-input":{"@type":"PropertyValueSpecification","valueRequired":true,"valueName":"search_term_string"}}],"inLanguage":"sv-SE"},{"@type":"Organization","@id":"https:\/\/www.abflt.com\/sv\/#organization","name":"ABF LT","url":"https:\/\/www.abflt.com\/sv\/","logo":{"@type":"ImageObject","inLanguage":"sv-SE","@id":"https:\/\/www.abflt.com\/sv\/#\/schema\/logo\/image\/","url":"https:\/\/www.abflt.com\/wp-content\/uploads\/2020\/02\/logo2.png","contentUrl":"https:\/\/www.abflt.com\/wp-content\/uploads\/2020\/02\/logo2.png","width":113,"height":113,"caption":"ABF LT"},"image":{"@id":"https:\/\/www.abflt.com\/sv\/#\/schema\/logo\/image\/"},"sameAs":["https:\/\/www.facebook.com\/abflt","https:\/\/www.linkedin.com\/company\/abf-lt","https:\/\/www.youtube.com\/channel\/UCVbHUYkMrwmW4YZZRzhxH9w"]},{"@type":"Person","@id":"https:\/\/www.abflt.com\/sv\/#\/schema\/person\/3a06e7010f54e4b4706854b113c20f09","name":"adminas","url":"https:\/\/www.abflt.com\/sv\/author\/adminas\/"}]}},"_links":{"self":[{"href":"https:\/\/www.abflt.com\/sv\/wp-json\/wp\/v2\/posts\/3721","targetHints":{"allow":["GET"]}}],"collection":[{"href":"https:\/\/www.abflt.com\/sv\/wp-json\/wp\/v2\/posts"}],"about":[{"href":"https:\/\/www.abflt.com\/sv\/wp-json\/wp\/v2\/types\/post"}],"author":[{"embeddable":true,"href":"https:\/\/www.abflt.com\/sv\/wp-json\/wp\/v2\/users\/1"}],"replies":[{"embeddable":true,"href":"https:\/\/www.abflt.com\/sv\/wp-json\/wp\/v2\/comments?post=3721"}],"version-history":[{"count":1,"href":"https:\/\/www.abflt.com\/sv\/wp-json\/wp\/v2\/posts\/3721\/revisions"}],"predecessor-version":[{"id":3727,"href":"https:\/\/www.abflt.com\/sv\/wp-json\/wp\/v2\/posts\/3721\/revisions\/3727"}],"wp:featuredmedia":[{"embeddable":true,"href":"https:\/\/www.abflt.com\/sv\/wp-json\/wp\/v2\/media\/3725"}],"wp:attachment":[{"href":"https:\/\/www.abflt.com\/sv\/wp-json\/wp\/v2\/media?parent=3721"}],"wp:term":[{"taxonomy":"category","embeddable":true,"href":"https:\/\/www.abflt.com\/sv\/wp-json\/wp\/v2\/categories?post=3721"},{"taxonomy":"post_tag","embeddable":true,"href":"https:\/\/www.abflt.com\/sv\/wp-json\/wp\/v2\/tags?post=3721"}],"curies":[{"name":"wp","href":"https:\/\/api.w.org\/{rel}","templated":true}]}}